{"id":11461,"date":"2026-03-30T09:19:58","date_gmt":"2026-03-30T12:19:58","guid":{"rendered":"https:\/\/bolsacer.org.ar\/site\/?p=11461"},"modified":"2026-03-30T09:19:58","modified_gmt":"2026-03-30T12:19:58","slug":"avanza-con-dificultades-la-cosecha-de-arroz-en-entre-rios","status":"publish","type":"post","link":"https:\/\/bolsacer.org.ar\/site\/avanza-con-dificultades-la-cosecha-de-arroz-en-entre-rios\/","title":{"rendered":"Avanza con dificultades la cosecha de arroz en Entre R\u00edos"},"content":{"rendered":"<p><span style=\"font-weight: 400;\">La cosecha de arroz en la provincia de Entre R\u00edos registra un avance del 42% sobre una superficie total de 54.850 hect\u00e1reas, seg\u00fan public\u00f3 el Sistema de Informaci\u00f3n de la BolsaCER. Se evidencia una demora de 23 puntos porcentuales respecto al mismo per\u00edodo de tiempo del ciclo anterior, cuando el avance era del 65%.<\/span><\/p>\n<p><span style=\"font-weight: 400;\">Tras las \u00faltimas precipitaciones, las labores de cosecha se reanudaron de manera paulatina. No obstante, la principal limitante es la baja transitabilidad de los caminos, lo que dificulta el ingreso y la circulaci\u00f3n de la maquinaria.<\/span><\/p>\n<p><span style=\"font-weight: 400;\">En cuanto a los rendimientos, el promedio provincial se ubica en 7.700 kg\/ha, aproximadamente un 6% inferior al ciclo previo, cuando se alcanz\u00f3 un rendimiento de 8.272 kg\/ha, el cual represent\u00f3 un r\u00e9cord hist\u00f3rico para la provincia.<\/span><\/p>\n<p><span style=\"font-weight: 400;\">Por otra parte, los Colaboradores del SIBER reportaron la presencia de plantas volcadas como consecuencia de vientos y precipitaciones. Asimismo, en t\u00e9rminos de calidad, se observa la aparici\u00f3n de grano vano, probablemente asociada a condiciones clim\u00e1ticas adversas \u2014bajas temperaturas y elevada nubosidad\u2014 registradas durante la etapa vegetativa del cultivo.<\/span><\/p>\n<p>&nbsp;<\/p>\n<div id=\"attachment_11442\" style=\"width: 706px\" class=\"wp-caption aligncenter\"><img decoding=\"async\" aria-describedby=\"caption-attachment-11442\" class=\"size-full wp-image-11442\" src=\"https:\/\/bolsacer.org.ar\/site\/wp-content\/uploads\/2026\/03\/arroz-1.jpg\" alt=\"\" width=\"696\" height=\"629\" srcset=\"https:\/\/bolsacer.org.ar\/site\/wp-content\/uploads\/2026\/03\/arroz-1.jpg 696w, https:\/\/bolsacer.org.ar\/site\/wp-content\/uploads\/2026\/03\/arroz-1-300x271.jpg 300w\" sizes=\"(max-width: 696px) 100vw, 696px\" \/><p id=\"caption-attachment-11442\" class=\"wp-caption-text\">Figura 1: Avance de cosecha de arroa\u00bfz por tipo de riego en Entre R\u00edos.<\/p><\/div>\n","protected":false},"excerpt":{"rendered":"<p>La cosecha de arroz en la provincia de Entre R\u00edos registra un avance del 42% sobre una superficie total de&#8230;<\/p>\n","protected":false},"author":9,"featured_media":9029,"comment_status":"open","ping_status":"open","sticky":false,"template":"","format":"standard","meta":{"_acf_changed":false,"footnotes":""},"categories":[19],"tags":[],"class_list":["post-11461","post","type-post","status-publish","format-standard","has-post-thumbnail","hentry","category-actualidad-institucional"],"acf":[],"yoast_head":"<!-- This site is optimized with the Yoast SEO plugin v24.8.1 - https:\/\/yoast.com\/wordpress\/plugins\/seo\/ -->\n<title>Avanza con dificultades la cosecha de arroz en Entre R\u00edos - .: BOLSA DE CEREALES DE ENTRE RIOS :.<\/title>\n<meta name=\"robots\" content=\"index, follow, max-snippet:-1, max-image-preview:large, max-video-preview:-1\" \/>\n<link rel=\"canonical\" href=\"https:\/\/bolsacer.org.ar\/site\/avanza-con-dificultades-la-cosecha-de-arroz-en-entre-rios\/\" \/>\n<meta property=\"og:locale\" content=\"es_ES\" \/>\n<meta property=\"og:type\" content=\"article\" \/>\n<meta property=\"og:title\" content=\"Avanza con dificultades la cosecha de arroz en Entre R\u00edos - .: BOLSA DE CEREALES DE ENTRE RIOS :.\" \/>\n<meta property=\"og:description\" content=\"La cosecha de arroz en la provincia de Entre R\u00edos registra un avance del 42% sobre una superficie total de...\" \/>\n<meta property=\"og:url\" content=\"https:\/\/bolsacer.org.ar\/site\/avanza-con-dificultades-la-cosecha-de-arroz-en-entre-rios\/\" \/>\n<meta property=\"og:site_name\" content=\".: BOLSA DE CEREALES DE ENTRE RIOS :.\" \/>\n<meta property=\"article:published_time\" content=\"2026-03-30T12:19:58+00:00\" \/>\n<meta property=\"og:image\" content=\"https:\/\/bolsacer.org.ar\/site\/wp-content\/uploads\/2024\/12\/Figura2.jpg\" \/>\n\t<meta property=\"og:image:width\" content=\"1098\" \/>\n\t<meta property=\"og:image:height\" content=\"532\" \/>\n\t<meta property=\"og:image:type\" content=\"image\/jpeg\" \/>\n<meta name=\"author\" content=\"Aldana Riffel\" \/>\n<meta name=\"twitter:card\" content=\"summary_large_image\" \/>\n<meta name=\"twitter:label1\" content=\"Escrito por\" \/>\n\t<meta name=\"twitter:data1\" content=\"Aldana Riffel\" \/>\n\t<meta name=\"twitter:label2\" content=\"Tiempo de lectura\" \/>\n\t<meta name=\"twitter:data2\" content=\"2 minutos\" \/>\n<script type=\"application\/ld+json\" class=\"yoast-schema-graph\">{\"@context\":\"https:\/\/schema.org\",\"@graph\":[{\"@type\":\"WebPage\",\"@id\":\"https:\/\/bolsacer.org.ar\/site\/avanza-con-dificultades-la-cosecha-de-arroz-en-entre-rios\/\",\"url\":\"https:\/\/bolsacer.org.ar\/site\/avanza-con-dificultades-la-cosecha-de-arroz-en-entre-rios\/\",\"name\":\"Avanza con dificultades la cosecha de arroz en Entre R\u00edos - .: BOLSA DE CEREALES DE ENTRE RIOS :.\",\"isPartOf\":{\"@id\":\"https:\/\/mail.bolsacer.org.ar\/site\/#website\"},\"primaryImageOfPage\":{\"@id\":\"https:\/\/bolsacer.org.ar\/site\/avanza-con-dificultades-la-cosecha-de-arroz-en-entre-rios\/#primaryimage\"},\"image\":{\"@id\":\"https:\/\/bolsacer.org.ar\/site\/avanza-con-dificultades-la-cosecha-de-arroz-en-entre-rios\/#primaryimage\"},\"thumbnailUrl\":\"https:\/\/bolsacer.org.ar\/site\/wp-content\/uploads\/2024\/12\/Figura2.jpg\",\"datePublished\":\"2026-03-30T12:19:58+00:00\",\"author\":{\"@id\":\"https:\/\/mail.bolsacer.org.ar\/site\/#\/schema\/person\/cdd277007b38ff30e481eea4234adf7b\"},\"breadcrumb\":{\"@id\":\"https:\/\/bolsacer.org.ar\/site\/avanza-con-dificultades-la-cosecha-de-arroz-en-entre-rios\/#breadcrumb\"},\"inLanguage\":\"es\",\"potentialAction\":[{\"@type\":\"ReadAction\",\"target\":[\"https:\/\/bolsacer.org.ar\/site\/avanza-con-dificultades-la-cosecha-de-arroz-en-entre-rios\/\"]}]},{\"@type\":\"ImageObject\",\"inLanguage\":\"es\",\"@id\":\"https:\/\/bolsacer.org.ar\/site\/avanza-con-dificultades-la-cosecha-de-arroz-en-entre-rios\/#primaryimage\",\"url\":\"https:\/\/bolsacer.org.ar\/site\/wp-content\/uploads\/2024\/12\/Figura2.jpg\",\"contentUrl\":\"https:\/\/bolsacer.org.ar\/site\/wp-content\/uploads\/2024\/12\/Figura2.jpg\",\"width\":1098,\"height\":532},{\"@type\":\"BreadcrumbList\",\"@id\":\"https:\/\/bolsacer.org.ar\/site\/avanza-con-dificultades-la-cosecha-de-arroz-en-entre-rios\/#breadcrumb\",\"itemListElement\":[{\"@type\":\"ListItem\",\"position\":1,\"name\":\"Portada\",\"item\":\"https:\/\/mail.bolsacer.org.ar\/site\/\"},{\"@type\":\"ListItem\",\"position\":2,\"name\":\"Avanza con dificultades la cosecha de arroz en Entre R\u00edos\"}]},{\"@type\":\"WebSite\",\"@id\":\"https:\/\/mail.bolsacer.org.ar\/site\/#website\",\"url\":\"https:\/\/mail.bolsacer.org.ar\/site\/\",\"name\":\"BOLSA DE CEREALES DE ENTRE RIOS\",\"description\":\"\",\"potentialAction\":[{\"@type\":\"SearchAction\",\"target\":{\"@type\":\"EntryPoint\",\"urlTemplate\":\"https:\/\/mail.bolsacer.org.ar\/site\/?s={search_term_string}\"},\"query-input\":{\"@type\":\"PropertyValueSpecification\",\"valueRequired\":true,\"valueName\":\"search_term_string\"}}],\"inLanguage\":\"es\"},{\"@type\":\"Person\",\"@id\":\"https:\/\/mail.bolsacer.org.ar\/site\/#\/schema\/person\/cdd277007b38ff30e481eea4234adf7b\",\"name\":\"Aldana Riffel\",\"image\":{\"@type\":\"ImageObject\",\"inLanguage\":\"es\",\"@id\":\"https:\/\/mail.bolsacer.org.ar\/site\/#\/schema\/person\/image\/\",\"url\":\"https:\/\/secure.gravatar.com\/avatar\/0246b7305b470e17cb279d91131e3422?s=96&d=mm&r=g\",\"contentUrl\":\"https:\/\/secure.gravatar.com\/avatar\/0246b7305b470e17cb279d91131e3422?s=96&d=mm&r=g\",\"caption\":\"Aldana Riffel\"},\"url\":\"https:\/\/bolsacer.org.ar\/site\/author\/ariffel\/\"}]}<\/script>\n<!-- \/ Yoast SEO plugin. -->","yoast_head_json":{"title":"Avanza con dificultades la cosecha de arroz en Entre R\u00edos - .: BOLSA DE CEREALES DE ENTRE RIOS :.","robots":{"index":"index","follow":"follow","max-snippet":"max-snippet:-1","max-image-preview":"max-image-preview:large","max-video-preview":"max-video-preview:-1"},"canonical":"https:\/\/bolsacer.org.ar\/site\/avanza-con-dificultades-la-cosecha-de-arroz-en-entre-rios\/","og_locale":"es_ES","og_type":"article","og_title":"Avanza con dificultades la cosecha de arroz en Entre R\u00edos - .: BOLSA DE CEREALES DE ENTRE RIOS :.","og_description":"La cosecha de arroz en la provincia de Entre R\u00edos registra un avance del 42% sobre una superficie total de...","og_url":"https:\/\/bolsacer.org.ar\/site\/avanza-con-dificultades-la-cosecha-de-arroz-en-entre-rios\/","og_site_name":".: BOLSA DE CEREALES DE ENTRE RIOS :.","article_published_time":"2026-03-30T12:19:58+00:00","og_image":[{"width":1098,"height":532,"url":"https:\/\/bolsacer.org.ar\/site\/wp-content\/uploads\/2024\/12\/Figura2.jpg","type":"image\/jpeg"}],"author":"Aldana Riffel","twitter_card":"summary_large_image","twitter_misc":{"Escrito por":"Aldana Riffel","Tiempo de lectura":"2 minutos"},"schema":{"@context":"https:\/\/schema.org","@graph":[{"@type":"WebPage","@id":"https:\/\/bolsacer.org.ar\/site\/avanza-con-dificultades-la-cosecha-de-arroz-en-entre-rios\/","url":"https:\/\/bolsacer.org.ar\/site\/avanza-con-dificultades-la-cosecha-de-arroz-en-entre-rios\/","name":"Avanza con dificultades la cosecha de arroz en Entre R\u00edos - .: BOLSA DE CEREALES DE ENTRE RIOS :.","isPartOf":{"@id":"https:\/\/mail.bolsacer.org.ar\/site\/#website"},"primaryImageOfPage":{"@id":"https:\/\/bolsacer.org.ar\/site\/avanza-con-dificultades-la-cosecha-de-arroz-en-entre-rios\/#primaryimage"},"image":{"@id":"https:\/\/bolsacer.org.ar\/site\/avanza-con-dificultades-la-cosecha-de-arroz-en-entre-rios\/#primaryimage"},"thumbnailUrl":"https:\/\/bolsacer.org.ar\/site\/wp-content\/uploads\/2024\/12\/Figura2.jpg","datePublished":"2026-03-30T12:19:58+00:00","author":{"@id":"https:\/\/mail.bolsacer.org.ar\/site\/#\/schema\/person\/cdd277007b38ff30e481eea4234adf7b"},"breadcrumb":{"@id":"https:\/\/bolsacer.org.ar\/site\/avanza-con-dificultades-la-cosecha-de-arroz-en-entre-rios\/#breadcrumb"},"inLanguage":"es","potentialAction":[{"@type":"ReadAction","target":["https:\/\/bolsacer.org.ar\/site\/avanza-con-dificultades-la-cosecha-de-arroz-en-entre-rios\/"]}]},{"@type":"ImageObject","inLanguage":"es","@id":"https:\/\/bolsacer.org.ar\/site\/avanza-con-dificultades-la-cosecha-de-arroz-en-entre-rios\/#primaryimage","url":"https:\/\/bolsacer.org.ar\/site\/wp-content\/uploads\/2024\/12\/Figura2.jpg","contentUrl":"https:\/\/bolsacer.org.ar\/site\/wp-content\/uploads\/2024\/12\/Figura2.jpg","width":1098,"height":532},{"@type":"BreadcrumbList","@id":"https:\/\/bolsacer.org.ar\/site\/avanza-con-dificultades-la-cosecha-de-arroz-en-entre-rios\/#breadcrumb","itemListElement":[{"@type":"ListItem","position":1,"name":"Portada","item":"https:\/\/mail.bolsacer.org.ar\/site\/"},{"@type":"ListItem","position":2,"name":"Avanza con dificultades la cosecha de arroz en Entre R\u00edos"}]},{"@type":"WebSite","@id":"https:\/\/mail.bolsacer.org.ar\/site\/#website","url":"https:\/\/mail.bolsacer.org.ar\/site\/","name":"BOLSA DE CEREALES DE ENTRE RIOS","description":"","potentialAction":[{"@type":"SearchAction","target":{"@type":"EntryPoint","urlTemplate":"https:\/\/mail.bolsacer.org.ar\/site\/?s={search_term_string}"},"query-input":{"@type":"PropertyValueSpecification","valueRequired":true,"valueName":"search_term_string"}}],"inLanguage":"es"},{"@type":"Person","@id":"https:\/\/mail.bolsacer.org.ar\/site\/#\/schema\/person\/cdd277007b38ff30e481eea4234adf7b","name":"Aldana Riffel","image":{"@type":"ImageObject","inLanguage":"es","@id":"https:\/\/mail.bolsacer.org.ar\/site\/#\/schema\/person\/image\/","url":"https:\/\/secure.gravatar.com\/avatar\/0246b7305b470e17cb279d91131e3422?s=96&d=mm&r=g","contentUrl":"https:\/\/secure.gravatar.com\/avatar\/0246b7305b470e17cb279d91131e3422?s=96&d=mm&r=g","caption":"Aldana Riffel"},"url":"https:\/\/bolsacer.org.ar\/site\/author\/ariffel\/"}]}},"_links":{"self":[{"href":"https:\/\/bolsacer.org.ar\/site\/wp-json\/wp\/v2\/posts\/11461","targetHints":{"allow":["GET"]}}],"collection":[{"href":"https:\/\/bolsacer.org.ar\/site\/wp-json\/wp\/v2\/posts"}],"about":[{"href":"https:\/\/bolsacer.org.ar\/site\/wp-json\/wp\/v2\/types\/post"}],"author":[{"embeddable":true,"href":"https:\/\/bolsacer.org.ar\/site\/wp-json\/wp\/v2\/users\/9"}],"replies":[{"embeddable":true,"href":"https:\/\/bolsacer.org.ar\/site\/wp-json\/wp\/v2\/comments?post=11461"}],"version-history":[{"count":1,"href":"https:\/\/bolsacer.org.ar\/site\/wp-json\/wp\/v2\/posts\/11461\/revisions"}],"predecessor-version":[{"id":11462,"href":"https:\/\/bolsacer.org.ar\/site\/wp-json\/wp\/v2\/posts\/11461\/revisions\/11462"}],"wp:featuredmedia":[{"embeddable":true,"href":"https:\/\/bolsacer.org.ar\/site\/wp-json\/wp\/v2\/media\/9029"}],"wp:attachment":[{"href":"https:\/\/bolsacer.org.ar\/site\/wp-json\/wp\/v2\/media?parent=11461"}],"wp:term":[{"taxonomy":"category","embeddable":true,"href":"https:\/\/bolsacer.org.ar\/site\/wp-json\/wp\/v2\/categories?post=11461"},{"taxonomy":"post_tag","embeddable":true,"href":"https:\/\/bolsacer.org.ar\/site\/wp-json\/wp\/v2\/tags?post=11461"}],"curies":[{"name":"wp","href":"https:\/\/api.w.org\/{rel}","templated":true}]}}